{"id":22283,"date":"2025-08-18T13:39:49","date_gmt":"2025-08-18T13:39:49","guid":{"rendered":"https:\/\/icco.ro\/?p=22283"},"modified":"2025-08-18T13:58:14","modified_gmt":"2025-08-18T13:58:14","slug":"icco-group-celebrates-35-years-of-business-in-2025","status":"publish","type":"post","link":"https:\/\/icco.ro\/en\/in-2025-grupul-icco-aniverseaza-35-de-ani-de-business\/","title":{"rendered":"ICCO headquarters in Bucharest - a Mediterranean architectural gem in the Prim\u0103verii district"},"content":{"rendered":"<div data-elementor-type=\"wp-post\" data-elementor-id=\"22283\" class=\"elementor elementor-22283\" data-elementor-post-type=\"post\">\n\t\t\t\t        <section class=\"elementor-section elementor-top-section elementor-element elementor-element-6bd6cee elementor-section-boxed elementor-section-height-default elementor-section-height-default pxl-row-scroll-none pxl-zoom-point-false pxl-section-overflow-visible\" data-id=\"6bd6cee\" data-element_type=\"section\">\n\n                \n                <div class=\"elementor-container elementor-column-gap-default\">\n                <div class=\"elementor-column elementor-col-100 elementor-top-column elementor-element elementor-element-e0c3ebb pxl-column-none pxl-column-overflow-hidden-no\" data-id=\"e0c3ebb\" data-element_type=\"column\">\r\n        <div class=\"elementor-widget-wrap elementor-element-populated\">\r\n                     \r\n        \t\t<div class=\"elementor-element elementor-element-e4f45d0 elementor-widget elementor-widget-pxl_text_editor\" data-id=\"e4f45d0\" data-element_type=\"widget\" data-widget_type=\"pxl_text_editor.default\">\n\t\t\t\t<div class=\"elementor-widget-container\">\n\t\t\t<div class=\"pxl-text-editor\">\n\t<div class=\"pxl-item--inner\" data-wow-delay=\"ms\">\n\t\t<p><strong>ICCO headquarters in Bucharest - a Mediterranean architectural gem in the Prim\u0103verii district<\/strong><\/p><p>The ICCO headquarters in Bucharest is a heritage building, in stark contrast to the office buildings not far away. Built in 1941 in the Prim\u0103verii district, the building is influenced by Mediterranean architecture and was the home of a famous actress of the time, Puia Ionescu. The architect's story, details of the actress's project and an inter-war history of Liviu Rebreanu's boudoir are covered in a comprehensive article by architect M\u0103d\u0103lin Ghigeanu in igloo.ro.<\/p><p>We invite you to an exciting read <a href=\"https:\/\/www.igloo.ro\/imobilul-puia-ionescu-din-str-mircea-eliade-14-o-enigma-rezolvata-a-parcelarii-istorice-jianu\/?fbclid=IwZXh0bgNhZW0CMTAAYnJpZBEwdTRpVnp4REl6U00xTnhrWAEe0vhOUHKi7ZYUZb1tU8Z-r9ydI2xswK9igWnvq_AsAjRInRvL9sJzHXO2HqA_aem_8uJN0rYRa5Z7xpjva6PUiw\">here<\/a>.<\/p>\t\t\n\t<\/div>\n<\/div>\t\t<\/div>\n\t\t\t\t<\/div>\n\t\t            <\/div>\r\n        <\/div>\r\n        \t\t\t<\/div>\n\t\t<\/section>\n\t\t        <section class=\"elementor-section elementor-top-section elementor-element elementor-element-f7ac69c elementor-section-boxed elementor-section-height-default elementor-section-height-default pxl-row-scroll-none pxl-zoom-point-false pxl-section-overflow-visible\" data-id=\"f7ac69c\" data-element_type=\"section\">\n\n                \n                <div class=\"elementor-container elementor-column-gap-default\">\n                <div class=\"elementor-column elementor-col-100 elementor-top-column elementor-element elementor-element-d98efb4 pxl-column-none pxl-column-overflow-hidden-no\" data-id=\"d98efb4\" data-element_type=\"column\">\r\n        <div class=\"elementor-widget-wrap elementor-element-populated\">\r\n                     \r\n        \t\t<div class=\"elementor-element elementor-element-785f385 elementor-widget elementor-widget-image\" data-id=\"785f385\" data-element_type=\"widget\" data-widget_type=\"image.default\">\n\t\t\t\t<div class=\"elementor-widget-container\">\n\t\t\t\t\t\t\t\t\t\t\t\t\t\t<a href=\"https:\/\/icco.ro\/wp-content\/uploads\/2025\/08\/eliade.jpg\" data-rel=\"lightbox-image-0\" data-rl_title=\"\" data-rl_caption=\"\" title=\"\">\n\t\t\t\t\t\t\t<img fetchpriority=\"high\" decoding=\"async\" width=\"1024\" height=\"683\" src=\"https:\/\/icco.ro\/wp-content\/uploads\/2025\/08\/eliade-1024x683.jpg\" class=\"attachment-large size-large wp-image-22284\" alt=\"\" srcset=\"https:\/\/icco.ro\/wp-content\/uploads\/2025\/08\/eliade-1024x683.jpg 1024w, https:\/\/icco.ro\/wp-content\/uploads\/2025\/08\/eliade-300x200.jpg 300w, https:\/\/icco.ro\/wp-content\/uploads\/2025\/08\/eliade-768x512.jpg 768w, https:\/\/icco.ro\/wp-content\/uploads\/2025\/08\/eliade-1536x1025.jpg 1536w, https:\/\/icco.ro\/wp-content\/uploads\/2025\/08\/eliade-18x12.jpg 18w, https:\/\/icco.ro\/wp-content\/uploads\/2025\/08\/eliade-1064x710.jpg 1064w, https:\/\/icco.ro\/wp-content\/uploads\/2025\/08\/eliade.jpg 2048w\" sizes=\"(max-width: 1024px) 100vw, 1024px\" \/>\t\t\t\t\t\t\t\t<\/a>\n\t\t\t\t\t\t\t\t\t\t\t\t\t<\/div>\n\t\t\t\t<\/div>\n\t\t            <\/div>\r\n        <\/div>\r\n        \t\t\t<\/div>\n\t\t<\/section>\n\t\t\t\t<\/div>","protected":false},"excerpt":{"rendered":"<p>Sediul ICCO din Bucure\u0219ti este mai mult dec\u00e2t o cl\u0103dire de patrimoniu, &#8220;imobilul Puia Ionescu din Bd. Mircea Eliade 14 este unul dintre cele mai spectaculoase \u0219i interesante obiecte de arhitectur\u0103 ale Bucure\u0219tiului interbelic&#8221;.<\/p>","protected":false},"author":4,"featured_media":22284,"comment_status":"open","ping_status":"open","sticky":false,"template":"","format":"standard","meta":{"footnotes":""},"categories":[1],"tags":[],"class_list":["post-22283","post","type-post","status-publish","format-standard","has-post-thumbnail","hentry","category-archive"],"yoast_head":"<!-- This site is optimized with the Yoast SEO plugin v24.1 - https:\/\/yoast.com\/wordpress\/plugins\/seo\/ -->\n<title>Sediul ICCO din Bucure\u0219ti - o bijuterie arhitectural\u0103 mediteraneean\u0103 \u00een cartierul Prim\u0103verii - ICCO - Enjoy your business!<\/title>\n<meta name=\"robots\" content=\"index, follow, max-snippet:-1, max-image-preview:large, max-video-preview:-1\" \/>\n<link rel=\"canonical\" href=\"https:\/\/icco.ro\/en\/icco-group-celebrates-35-years-of-business-in-2025\/\" \/>\n<meta property=\"og:locale\" content=\"en_US\" \/>\n<meta property=\"og:type\" content=\"article\" \/>\n<meta property=\"og:title\" content=\"Sediul ICCO din Bucure\u0219ti - o bijuterie arhitectural\u0103 mediteraneean\u0103 \u00een cartierul Prim\u0103verii - ICCO - Enjoy your business!\" \/>\n<meta property=\"og:description\" content=\"Sediul ICCO din Bucure\u0219ti este mai mult dec\u00e2t o cl\u0103dire de patrimoniu, &quot;imobilul Puia Ionescu din Bd. Mircea Eliade 14 este unul dintre cele mai spectaculoase \u0219i interesante obiecte de arhitectur\u0103 ale Bucure\u0219tiului interbelic&quot;.\" \/>\n<meta property=\"og:url\" content=\"https:\/\/icco.ro\/en\/icco-group-celebrates-35-years-of-business-in-2025\/\" \/>\n<meta property=\"og:site_name\" content=\"ICCO - Enjoy your business!\" \/>\n<meta property=\"article:published_time\" content=\"2025-08-18T13:39:49+00:00\" \/>\n<meta property=\"article:modified_time\" content=\"2025-08-18T13:58:14+00:00\" \/>\n<meta property=\"og:image\" content=\"https:\/\/icco.ro\/wp-content\/uploads\/2025\/08\/eliade.jpg\" \/>\n\t<meta property=\"og:image:width\" content=\"2048\" \/>\n\t<meta property=\"og:image:height\" content=\"1366\" \/>\n\t<meta property=\"og:image:type\" content=\"image\/jpeg\" \/>\n<meta name=\"twitter:card\" content=\"summary_large_image\" \/>\n<!-- \/ Yoast SEO plugin. -->","yoast_head_json":{"title":"ICCO headquarters in Bucharest - a Mediterranean architectural gem in the Prim\u0103verii neighborhood - ICCO - Enjoy your business!","robots":{"index":"index","follow":"follow","max-snippet":"max-snippet:-1","max-image-preview":"max-image-preview:large","max-video-preview":"max-video-preview:-1"},"canonical":"https:\/\/icco.ro\/en\/icco-group-celebrates-35-years-of-business-in-2025\/","og_locale":"en_US","og_type":"article","og_title":"Sediul ICCO din Bucure\u0219ti - o bijuterie arhitectural\u0103 mediteraneean\u0103 \u00een cartierul Prim\u0103verii - ICCO - Enjoy your business!","og_description":"Sediul ICCO din Bucure\u0219ti este mai mult dec\u00e2t o cl\u0103dire de patrimoniu, \"imobilul Puia Ionescu din Bd. Mircea Eliade 14 este unul dintre cele mai spectaculoase \u0219i interesante obiecte de arhitectur\u0103 ale Bucure\u0219tiului interbelic\".","og_url":"https:\/\/icco.ro\/en\/icco-group-celebrates-35-years-of-business-in-2025\/","og_site_name":"ICCO - Enjoy your business!","article_published_time":"2025-08-18T13:39:49+00:00","article_modified_time":"2025-08-18T13:58:14+00:00","og_image":[{"width":2048,"height":1366,"url":"https:\/\/icco.ro\/wp-content\/uploads\/2025\/08\/eliade.jpg","type":"image\/jpeg"}],"twitter_card":"summary_large_image","schema":{"@context":"https:\/\/schema.org","@graph":[{"@type":"Article","@id":"https:\/\/icco.ro\/en\/in-2025-grupul-icco-aniverseaza-35-de-ani-de-business\/#article","isPartOf":{"@id":"https:\/\/icco.ro\/en\/in-2025-grupul-icco-aniverseaza-35-de-ani-de-business\/"},"author":{"name":"Mirela R\u0103dulescu","@id":"https:\/\/icco.ro\/en\/#\/schema\/person\/908504712be7dad580fe700f6ff6d841"},"headline":"Sediul ICCO din Bucure\u0219ti &#8211; o bijuterie arhitectural\u0103 mediteraneean\u0103 \u00een cartierul Prim\u0103verii","datePublished":"2025-08-18T13:39:49+00:00","dateModified":"2025-08-18T13:58:14+00:00","mainEntityOfPage":{"@id":"https:\/\/icco.ro\/en\/in-2025-grupul-icco-aniverseaza-35-de-ani-de-business\/"},"wordCount":112,"commentCount":0,"publisher":{"@id":"https:\/\/icco.ro\/en\/#organization"},"image":{"@id":"https:\/\/icco.ro\/en\/in-2025-grupul-icco-aniverseaza-35-de-ani-de-business\/#primaryimage"},"thumbnailUrl":"https:\/\/icco.ro\/wp-content\/uploads\/2025\/08\/eliade.jpg","articleSection":["Archive"],"inLanguage":"en-US","potentialAction":[{"@type":"CommentAction","name":"Comment","target":["https:\/\/icco.ro\/en\/in-2025-grupul-icco-aniverseaza-35-de-ani-de-business\/#respond"]}]},{"@type":"WebPage","@id":"https:\/\/icco.ro\/en\/in-2025-grupul-icco-aniverseaza-35-de-ani-de-business\/","url":"https:\/\/icco.ro\/en\/in-2025-grupul-icco-aniverseaza-35-de-ani-de-business\/","name":"ICCO headquarters in Bucharest - a Mediterranean architectural gem in the Prim\u0103verii neighborhood - ICCO - Enjoy your business!","isPartOf":{"@id":"https:\/\/icco.ro\/en\/#website"},"primaryImageOfPage":{"@id":"https:\/\/icco.ro\/en\/in-2025-grupul-icco-aniverseaza-35-de-ani-de-business\/#primaryimage"},"image":{"@id":"https:\/\/icco.ro\/en\/in-2025-grupul-icco-aniverseaza-35-de-ani-de-business\/#primaryimage"},"thumbnailUrl":"https:\/\/icco.ro\/wp-content\/uploads\/2025\/08\/eliade.jpg","datePublished":"2025-08-18T13:39:49+00:00","dateModified":"2025-08-18T13:58:14+00:00","breadcrumb":{"@id":"https:\/\/icco.ro\/en\/in-2025-grupul-icco-aniverseaza-35-de-ani-de-business\/#breadcrumb"},"inLanguage":"en-US","potentialAction":[{"@type":"ReadAction","target":["https:\/\/icco.ro\/en\/in-2025-grupul-icco-aniverseaza-35-de-ani-de-business\/"]}]},{"@type":"ImageObject","inLanguage":"en-US","@id":"https:\/\/icco.ro\/en\/in-2025-grupul-icco-aniverseaza-35-de-ani-de-business\/#primaryimage","url":"https:\/\/icco.ro\/wp-content\/uploads\/2025\/08\/eliade.jpg","contentUrl":"https:\/\/icco.ro\/wp-content\/uploads\/2025\/08\/eliade.jpg","width":2048,"height":1366},{"@type":"BreadcrumbList","@id":"https:\/\/icco.ro\/en\/in-2025-grupul-icco-aniverseaza-35-de-ani-de-business\/#breadcrumb","itemListElement":[{"@type":"ListItem","position":1,"name":"Home","item":"https:\/\/icco.ro\/"},{"@type":"ListItem","position":2,"name":"Sediul ICCO din Bucure\u0219ti &#8211; o bijuterie arhitectural\u0103 mediteraneean\u0103 \u00een cartierul Prim\u0103verii"}]},{"@type":"WebSite","@id":"https:\/\/icco.ro\/en\/#website","url":"https:\/\/icco.ro\/en\/","name":"ICCO - Enjoy your business!","description":"Business Consulting","publisher":{"@id":"https:\/\/icco.ro\/en\/#organization"},"inLanguage":"en-US"},{"@type":"Organization","@id":"https:\/\/icco.ro\/en\/#organization","name":"ICCO - Enjoy your business!","url":"https:\/\/icco.ro\/en\/","logo":{"@type":"ImageObject","inLanguage":"en-US","@id":"https:\/\/icco.ro\/en\/#\/schema\/logo\/image\/","url":"https:\/\/icco.ro\/wp-content\/uploads\/2025\/02\/cropped-icco-512-light.png","contentUrl":"https:\/\/icco.ro\/wp-content\/uploads\/2025\/02\/cropped-icco-512-light.png","width":512,"height":512,"caption":"ICCO - Enjoy your business!"},"image":{"@id":"https:\/\/icco.ro\/en\/#\/schema\/logo\/image\/"}},{"@type":"Person","@id":"https:\/\/icco.ro\/en\/#\/schema\/person\/908504712be7dad580fe700f6ff6d841","name":"Mirela R\u0103dulescu","image":{"@type":"ImageObject","inLanguage":"en-US","@id":"https:\/\/icco.ro\/en\/#\/schema\/person\/image\/","url":"https:\/\/icco.ro\/wp-content\/litespeed\/avatar\/f93fd34c058865fba613142fac4e24da.jpg?ver=1776952091","contentUrl":"https:\/\/icco.ro\/wp-content\/litespeed\/avatar\/f93fd34c058865fba613142fac4e24da.jpg?ver=1776952091","caption":"Mirela R\u0103dulescu"}}]}},"_links":{"self":[{"href":"https:\/\/icco.ro\/en\/wp-json\/wp\/v2\/posts\/22283","targetHints":{"allow":["GET"]}}],"collection":[{"href":"https:\/\/icco.ro\/en\/wp-json\/wp\/v2\/posts"}],"about":[{"href":"https:\/\/icco.ro\/en\/wp-json\/wp\/v2\/types\/post"}],"author":[{"embeddable":true,"href":"https:\/\/icco.ro\/en\/wp-json\/wp\/v2\/users\/4"}],"replies":[{"embeddable":true,"href":"https:\/\/icco.ro\/en\/wp-json\/wp\/v2\/comments?post=22283"}],"version-history":[{"count":9,"href":"https:\/\/icco.ro\/en\/wp-json\/wp\/v2\/posts\/22283\/revisions"}],"predecessor-version":[{"id":22295,"href":"https:\/\/icco.ro\/en\/wp-json\/wp\/v2\/posts\/22283\/revisions\/22295"}],"wp:featuredmedia":[{"embeddable":true,"href":"https:\/\/icco.ro\/en\/wp-json\/wp\/v2\/media\/22284"}],"wp:attachment":[{"href":"https:\/\/icco.ro\/en\/wp-json\/wp\/v2\/media?parent=22283"}],"wp:term":[{"taxonomy":"category","embeddable":true,"href":"https:\/\/icco.ro\/en\/wp-json\/wp\/v2\/categories?post=22283"},{"taxonomy":"post_tag","embeddable":true,"href":"https:\/\/icco.ro\/en\/wp-json\/wp\/v2\/tags?post=22283"}],"curies":[{"name":"wp","href":"https:\/\/api.w.org\/{rel}","templated":true}]}}