{"id":21732,"date":"2025-03-05T13:41:37","date_gmt":"2025-03-05T13:41:37","guid":{"rendered":"https:\/\/icco.ro\/?p=21732"},"modified":"2025-03-07T09:16:28","modified_gmt":"2025-03-07T09:16:28","slug":"ceo-icco-featured-by-usa-today-in-romanias-leading-voices-gallery","status":"publish","type":"post","link":"https:\/\/icco.ro\/en\/ceo-icco-prezentat-de-usa-today-in-galeria-romanias-leading-voices\/","title":{"rendered":"ICCO CEO featured by USA Today in the Romania\u2019s Leading Voices gallery."},"content":{"rendered":"<div data-elementor-type=\"wp-post\" data-elementor-id=\"21732\" class=\"elementor elementor-21732\" data-elementor-post-type=\"post\">\n\t\t\t\t        <section class=\"elementor-section elementor-top-section elementor-element elementor-element-6bd6cee elementor-section-boxed elementor-section-height-default elementor-section-height-default pxl-row-scroll-none pxl-zoom-point-false pxl-section-overflow-visible\" data-id=\"6bd6cee\" data-element_type=\"section\">\n\n                \n                <div class=\"elementor-container elementor-column-gap-default\">\n                <div class=\"elementor-column elementor-col-100 elementor-top-column elementor-element elementor-element-e0c3ebb pxl-column-none pxl-column-overflow-hidden-no\" data-id=\"e0c3ebb\" data-element_type=\"column\">\r\n        <div class=\"elementor-widget-wrap elementor-element-populated\">\r\n                     \r\n        \t\t<div class=\"elementor-element elementor-element-e4f45d0 elementor-widget elementor-widget-pxl_text_editor\" data-id=\"e4f45d0\" data-element_type=\"widget\" data-widget_type=\"pxl_text_editor.default\">\n\t\t\t\t<div class=\"elementor-widget-container\">\n\t\t\t<div class=\"pxl-text-editor\">\n\t<div class=\"pxl-item--inner\" data-wow-delay=\"ms\">\n\t\t<p class=\"translation-block\">In the March 5, 2025 edition of USA Today, a special supplement dedicated to Romania was published. In the gallery of influential figures from politics and business contributing to Romania\u2019s progress, C\u0103lin Costan, CEO of ICCO, was included alongside the general managers of Transgaz, Romgaz, Nuclearelectrica, Transavia, and ING. C\u0103lin Costan was featured through the lens of ICCO\u2019s primary business \u2013 Industrial Park Bra\u0219ov.  \n <em>\u201cOur company\u2019s expertise in industrial design and logistics allows investors to focus on growing their businesses while benefiting from personalized support. If needed, ICCO can provide workforce solutions and help address operational challenges.\u201d<\/em> \u2013 stated C\u0103lin Costan.<\/p><p><a href=\"https:\/\/icco.ro\/wp-content\/uploads\/2025\/03\/usa-today-cover-news.jpg\" data-rel=\"lightbox-image-0\" data-rl_title=\"\" data-rl_caption=\"\" title=\"\"><img fetchpriority=\"high\" decoding=\"async\" class=\"alignnone wp-image-21961 size-large\" src=\"https:\/\/icco.ro\/wp-content\/uploads\/2025\/03\/usa-today-cover-news-1024x336.jpg\" alt=\"\" width=\"1024\" height=\"336\" srcset=\"https:\/\/icco.ro\/wp-content\/uploads\/2025\/03\/usa-today-cover-news-1024x336.jpg 1024w, https:\/\/icco.ro\/wp-content\/uploads\/2025\/03\/usa-today-cover-news-300x98.jpg 300w, https:\/\/icco.ro\/wp-content\/uploads\/2025\/03\/usa-today-cover-news-768x252.jpg 768w, https:\/\/icco.ro\/wp-content\/uploads\/2025\/03\/usa-today-cover-news-1536x504.jpg 1536w, https:\/\/icco.ro\/wp-content\/uploads\/2025\/03\/usa-today-cover-news-18x6.jpg 18w, https:\/\/icco.ro\/wp-content\/uploads\/2025\/03\/usa-today-cover-news-1170x384.jpg 1170w, https:\/\/icco.ro\/wp-content\/uploads\/2025\/03\/usa-today-cover-news.jpg 2015w\" sizes=\"(max-width: 1024px) 100vw, 1024px\" \/><\/a><\/p>\t\t\n\t<\/div>\n<\/div>\t\t<\/div>\n\t\t\t\t<\/div>\n\t\t\t\t<div class=\"elementor-element elementor-element-2d2fd45 elementor-widget elementor-widget-pxl_text_editor\" data-id=\"2d2fd45\" data-element_type=\"widget\" data-widget_type=\"pxl_text_editor.default\">\n\t\t\t\t<div class=\"elementor-widget-container\">\n\t\t\t<div class=\"pxl-text-editor\">\n\t<div class=\"pxl-item--inner\" data-wow-delay=\"ms\">\n\t\t<p class=\"translation-block\">USA Today is an iconic American newspaper with a daily audience of 7 million readers. USA Today published this <em>Country Report<\/em> in the context of the significant trade partnership between the U.S. and Romania and the desire of American investors to expand into our country.<\/p>\t\t\n\t<\/div>\n<\/div>\t\t<\/div>\n\t\t\t\t<\/div>\n\t\t            <\/div>\r\n        <\/div>\r\n        \t\t\t<\/div>\n\t\t<\/section>\n\t\t\t\t<\/div>","protected":false},"excerpt":{"rendered":"<p class=\"translation-block\">In the March 5, 2025 edition of USA Today, a special supplement dedicated to Romania was published. In the gallery of influential figures from politics and business contributing to Romania\u2019s progress, C\u0103lin Costan, CEO of ICCO, was included alongside the general managers of Transgaz, Romgaz, Nuclearelectrica, Transavia, and ING. C\u0103lin Costan was featured through the lens of ICCO\u2019s primary business \u2013 Industrial Park Bra\u0219ov.  \n <em>\u201cOur company\u2019s expertise in industrial design and logistics allows investors to focus on growing their businesses while benefiting from personalized support. If needed, ICCO can provide workforce solutions and help address operational challenges.\u201d<\/em> \u2013 stated C\u0103lin Costan.<\/p>","protected":false},"author":2,"featured_media":21961,"comment_status":"open","ping_status":"open","sticky":false,"template":"","format":"standard","meta":{"footnotes":""},"categories":[1],"tags":[],"class_list":["post-21732","post","type-post","status-publish","format-standard","has-post-thumbnail","hentry","category-archive"],"yoast_head":"<!-- This site is optimized with the Yoast SEO plugin v24.1 - https:\/\/yoast.com\/wordpress\/plugins\/seo\/ -->\n<title>CEO ICCO prezentat de USA Today \u00een galeria Romania&#039;s Leading Voices - ICCO - Enjoy your business!<\/title>\n<meta name=\"robots\" content=\"index, follow, max-snippet:-1, max-image-preview:large, max-video-preview:-1\" \/>\n<link rel=\"canonical\" href=\"https:\/\/icco.ro\/en\/ceo-icco-featured-by-usa-today-in-romanias-leading-voices-gallery\/\" \/>\n<meta property=\"og:locale\" content=\"en_US\" \/>\n<meta property=\"og:type\" content=\"article\" \/>\n<meta property=\"og:title\" content=\"CEO ICCO prezentat de USA Today \u00een galeria Romania&#039;s Leading Voices - ICCO - Enjoy your business!\" \/>\n<meta property=\"og:description\" content=\"\u00cen edi\u021bia din 5 martie 2025 a publica\u021biei USA Today a ap\u0103rut un supliment dedicat Rom\u00e2niei. \u00cen galeria oamenilor relevan\u021bi din politic\u0103 \u0219i business care contribuie la progresul Rom\u00e2niei a fost inclus \u0219i C\u0103lin Costan, CEO ICCO, al\u0103turi de managerii generali ai Transgaz, Romgaz, Nuclearelectrica, Transavia, ING. C\u0103lin Costan a fost prezentat prin prisma principalei afaceri a ICCO \u2013 Parcul Industrial Bra\u0219ov. \u201dExpertiza companiei noastre \u00een design industrial \u0219i logistic\u0103 le permite investitorilor s\u0103 se concentreze pe dezvoltarea afacerilor lor, beneficiind \u00een acela\u0219i timp de asisten\u021b\u0103 personalizat\u0103. Dac\u0103 este nevoie, compania ICCO poate oferi solu\u021bii pentru for\u021ba de munc\u0103 \u0219i ajut\u0103 la rezolvarea provoc\u0103rilor opera\u021bionale.\u201d \u2013 a ar\u0103tat C\u0103lin Costan.\" \/>\n<meta property=\"og:url\" content=\"https:\/\/icco.ro\/en\/ceo-icco-featured-by-usa-today-in-romanias-leading-voices-gallery\/\" \/>\n<meta property=\"og:site_name\" content=\"ICCO - Enjoy your business!\" \/>\n<meta property=\"article:published_time\" content=\"2025-03-05T13:41:37+00:00\" \/>\n<meta property=\"article:modified_time\" content=\"2025-03-07T09:16:28+00:00\" \/>\n<meta property=\"og:image\" content=\"https:\/\/icco.ro\/wp-content\/uploads\/2025\/03\/usa-today-cover-news-1024x336.jpg\" \/>\n\t<meta property=\"og:image:width\" content=\"1024\" \/>\n\t<meta property=\"og:image:height\" content=\"336\" \/>\n\t<meta property=\"og:image:type\" content=\"image\/jpeg\" \/>\n<meta name=\"twitter:card\" content=\"summary_large_image\" \/>\n<!-- \/ Yoast SEO plugin. -->","yoast_head_json":{"title":"ICCO CEO featured by USA Today in Romania's Leading Voices gallery - ICCO - Enjoy your business!","robots":{"index":"index","follow":"follow","max-snippet":"max-snippet:-1","max-image-preview":"max-image-preview:large","max-video-preview":"max-video-preview:-1"},"canonical":"https:\/\/icco.ro\/en\/ceo-icco-featured-by-usa-today-in-romanias-leading-voices-gallery\/","og_locale":"en_US","og_type":"article","og_title":"CEO ICCO prezentat de USA Today \u00een galeria Romania's Leading Voices - ICCO - Enjoy your business!","og_description":"\u00cen edi\u021bia din 5 martie 2025 a publica\u021biei USA Today a ap\u0103rut un supliment dedicat Rom\u00e2niei. \u00cen galeria oamenilor relevan\u021bi din politic\u0103 \u0219i business care contribuie la progresul Rom\u00e2niei a fost inclus \u0219i C\u0103lin Costan, CEO ICCO, al\u0103turi de managerii generali ai Transgaz, Romgaz, Nuclearelectrica, Transavia, ING. C\u0103lin Costan a fost prezentat prin prisma principalei afaceri a ICCO \u2013 Parcul Industrial Bra\u0219ov. \u201dExpertiza companiei noastre \u00een design industrial \u0219i logistic\u0103 le permite investitorilor s\u0103 se concentreze pe dezvoltarea afacerilor lor, beneficiind \u00een acela\u0219i timp de asisten\u021b\u0103 personalizat\u0103. Dac\u0103 este nevoie, compania ICCO poate oferi solu\u021bii pentru for\u021ba de munc\u0103 \u0219i ajut\u0103 la rezolvarea provoc\u0103rilor opera\u021bionale.\u201d \u2013 a ar\u0103tat C\u0103lin Costan.","og_url":"https:\/\/icco.ro\/en\/ceo-icco-featured-by-usa-today-in-romanias-leading-voices-gallery\/","og_site_name":"ICCO - Enjoy your business!","article_published_time":"2025-03-05T13:41:37+00:00","article_modified_time":"2025-03-07T09:16:28+00:00","og_image":[{"width":1024,"height":336,"url":"https:\/\/icco.ro\/wp-content\/uploads\/2025\/03\/usa-today-cover-news-1024x336.jpg","type":"image\/jpeg"}],"twitter_card":"summary_large_image","schema":{"@context":"https:\/\/schema.org","@graph":[{"@type":"Article","@id":"https:\/\/icco.ro\/en\/ceo-icco-prezentat-de-usa-today-in-galeria-romanias-leading-voices\/#article","isPartOf":{"@id":"https:\/\/icco.ro\/en\/ceo-icco-prezentat-de-usa-today-in-galeria-romanias-leading-voices\/"},"author":{"name":"Implement","@id":"https:\/\/icco.ro\/en\/#\/schema\/person\/bf8116f254ae62832bdb6a5d8e7e799e"},"headline":"CEO ICCO prezentat de USA Today \u00een galeria Romania&#8217;s Leading Voices","datePublished":"2025-03-05T13:41:37+00:00","dateModified":"2025-03-07T09:16:28+00:00","mainEntityOfPage":{"@id":"https:\/\/icco.ro\/en\/ceo-icco-prezentat-de-usa-today-in-galeria-romanias-leading-voices\/"},"wordCount":182,"commentCount":0,"publisher":{"@id":"https:\/\/icco.ro\/en\/#organization"},"image":{"@id":"https:\/\/icco.ro\/en\/ceo-icco-prezentat-de-usa-today-in-galeria-romanias-leading-voices\/#primaryimage"},"thumbnailUrl":"https:\/\/icco.ro\/wp-content\/uploads\/2025\/03\/usa-today-cover-news.jpg","articleSection":["Archive"],"inLanguage":"en-US","potentialAction":[{"@type":"CommentAction","name":"Comment","target":["https:\/\/icco.ro\/en\/ceo-icco-prezentat-de-usa-today-in-galeria-romanias-leading-voices\/#respond"]}]},{"@type":"WebPage","@id":"https:\/\/icco.ro\/en\/ceo-icco-prezentat-de-usa-today-in-galeria-romanias-leading-voices\/","url":"https:\/\/icco.ro\/en\/ceo-icco-prezentat-de-usa-today-in-galeria-romanias-leading-voices\/","name":"ICCO CEO featured by USA Today in Romania's Leading Voices gallery - ICCO - Enjoy your business!","isPartOf":{"@id":"https:\/\/icco.ro\/en\/#website"},"primaryImageOfPage":{"@id":"https:\/\/icco.ro\/en\/ceo-icco-prezentat-de-usa-today-in-galeria-romanias-leading-voices\/#primaryimage"},"image":{"@id":"https:\/\/icco.ro\/en\/ceo-icco-prezentat-de-usa-today-in-galeria-romanias-leading-voices\/#primaryimage"},"thumbnailUrl":"https:\/\/icco.ro\/wp-content\/uploads\/2025\/03\/usa-today-cover-news.jpg","datePublished":"2025-03-05T13:41:37+00:00","dateModified":"2025-03-07T09:16:28+00:00","breadcrumb":{"@id":"https:\/\/icco.ro\/en\/ceo-icco-prezentat-de-usa-today-in-galeria-romanias-leading-voices\/#breadcrumb"},"inLanguage":"en-US","potentialAction":[{"@type":"ReadAction","target":["https:\/\/icco.ro\/en\/ceo-icco-prezentat-de-usa-today-in-galeria-romanias-leading-voices\/"]}]},{"@type":"ImageObject","inLanguage":"en-US","@id":"https:\/\/icco.ro\/en\/ceo-icco-prezentat-de-usa-today-in-galeria-romanias-leading-voices\/#primaryimage","url":"https:\/\/icco.ro\/wp-content\/uploads\/2025\/03\/usa-today-cover-news.jpg","contentUrl":"https:\/\/icco.ro\/wp-content\/uploads\/2025\/03\/usa-today-cover-news.jpg","width":2015,"height":661},{"@type":"BreadcrumbList","@id":"https:\/\/icco.ro\/en\/ceo-icco-prezentat-de-usa-today-in-galeria-romanias-leading-voices\/#breadcrumb","itemListElement":[{"@type":"ListItem","position":1,"name":"Home","item":"https:\/\/icco.ro\/"},{"@type":"ListItem","position":2,"name":"CEO ICCO prezentat de USA Today \u00een galeria Romania&#8217;s Leading Voices"}]},{"@type":"WebSite","@id":"https:\/\/icco.ro\/en\/#website","url":"https:\/\/icco.ro\/en\/","name":"ICCO - Enjoy your business!","description":"Business Consulting","publisher":{"@id":"https:\/\/icco.ro\/en\/#organization"},"inLanguage":"en-US"},{"@type":"Organization","@id":"https:\/\/icco.ro\/en\/#organization","name":"ICCO - Enjoy your business!","url":"https:\/\/icco.ro\/en\/","logo":{"@type":"ImageObject","inLanguage":"en-US","@id":"https:\/\/icco.ro\/en\/#\/schema\/logo\/image\/","url":"https:\/\/icco.ro\/wp-content\/uploads\/2025\/02\/cropped-icco-512-light.png","contentUrl":"https:\/\/icco.ro\/wp-content\/uploads\/2025\/02\/cropped-icco-512-light.png","width":512,"height":512,"caption":"ICCO - Enjoy your business!"},"image":{"@id":"https:\/\/icco.ro\/en\/#\/schema\/logo\/image\/"}},{"@type":"Person","@id":"https:\/\/icco.ro\/en\/#\/schema\/person\/bf8116f254ae62832bdb6a5d8e7e799e","name":"Implement","image":{"@type":"ImageObject","inLanguage":"en-US","@id":"https:\/\/icco.ro\/en\/#\/schema\/person\/image\/","url":"https:\/\/icco.ro\/wp-content\/litespeed\/avatar\/4effd06c12be71184628254a4cca5ce4.jpg?ver=1777267448","contentUrl":"https:\/\/icco.ro\/wp-content\/litespeed\/avatar\/4effd06c12be71184628254a4cca5ce4.jpg?ver=1777267448","caption":"Implement"}}]}},"_links":{"self":[{"href":"https:\/\/icco.ro\/en\/wp-json\/wp\/v2\/posts\/21732","targetHints":{"allow":["GET"]}}],"collection":[{"href":"https:\/\/icco.ro\/en\/wp-json\/wp\/v2\/posts"}],"about":[{"href":"https:\/\/icco.ro\/en\/wp-json\/wp\/v2\/types\/post"}],"author":[{"embeddable":true,"href":"https:\/\/icco.ro\/en\/wp-json\/wp\/v2\/users\/2"}],"replies":[{"embeddable":true,"href":"https:\/\/icco.ro\/en\/wp-json\/wp\/v2\/comments?post=21732"}],"version-history":[{"count":1,"href":"https:\/\/icco.ro\/en\/wp-json\/wp\/v2\/posts\/21732\/revisions"}],"predecessor-version":[{"id":22148,"href":"https:\/\/icco.ro\/en\/wp-json\/wp\/v2\/posts\/21732\/revisions\/22148"}],"wp:featuredmedia":[{"embeddable":true,"href":"https:\/\/icco.ro\/en\/wp-json\/wp\/v2\/media\/21961"}],"wp:attachment":[{"href":"https:\/\/icco.ro\/en\/wp-json\/wp\/v2\/media?parent=21732"}],"wp:term":[{"taxonomy":"category","embeddable":true,"href":"https:\/\/icco.ro\/en\/wp-json\/wp\/v2\/categories?post=21732"},{"taxonomy":"post_tag","embeddable":true,"href":"https:\/\/icco.ro\/en\/wp-json\/wp\/v2\/tags?post=21732"}],"curies":[{"name":"wp","href":"https:\/\/api.w.org\/{rel}","templated":true}]}}